{"id":3555,"date":"2020-02-17T12:06:41","date_gmt":"2020-02-17T12:06:41","guid":{"rendered":"https:\/\/www.casassayas.com\/sompirineu-formacion-en-el-alt-pirineu-y-aran\/"},"modified":"2022-11-04T10:25:56","modified_gmt":"2022-11-04T10:25:56","slug":"sompirineu-formacion-en-el-alt-pirineu-y-aran","status":"publish","type":"post","link":"https:\/\/www.casassayas.com\/es\/sompirineu-formacion-en-el-alt-pirineu-y-aran\/","title":{"rendered":"SOMPirineu, formaci\u00f3n en el Alt Pirineu y Aran"},"content":{"rendered":"<div class=\"fusion-fullwidth fullwidth-box fusion-builder-row-1 fusion-flex-container nonhundred-percent-fullwidth non-hundred-percent-height-scrolling\" style=\"--awb-border-radius-top-left:0px;--awb-border-radius-top-right:0px;--awb-border-radius-bottom-right:0px;--awb-border-radius-bottom-left:0px;--awb-flex-wrap:wrap;\" ><div class=\"fusion-builder-row fusion-row fusion-flex-align-items-flex-start fusion-flex-content-wrap\" style=\"max-width:1365px;margin-left: calc(-5% \/ 2 );margin-right: calc(-5% \/ 2 );\"><div class=\"fusion-layout-column fusion_builder_column fusion-builder-column-0 fusion_builder_column_1_1 1_1 fusion-flex-column\" style=\"--awb-bg-size:cover;--awb-width-large:100%;--awb-margin-top-large:0px;--awb-spacing-right-large:2.375%;--awb-margin-bottom-large:20px;--awb-spacing-left-large:2.375%;--awb-width-medium:100%;--awb-order-medium:0;--awb-spacing-right-medium:2.375%;--awb-spacing-left-medium:2.375%;--awb-width-small:100%;--awb-order-small:0;--awb-spacing-right-small:2.375%;--awb-spacing-left-small:2.375%;\"><div class=\"fusion-column-wrapper fusion-column-has-shadow fusion-flex-justify-content-flex-start fusion-content-layout-column\"><div class=\"fusion-text fusion-text-1\" style=\"--awb-text-transform:none;\"><p>Durante el a\u00f1o 2013 se desarroll\u00f3 el programa <a href=\"https:\/\/www.sompirineu.cat\/\">SOMPirineu<\/a> (Apoyo al Empleo en Monta\u00f1a) en seis comarcas del Alt Pirineu y Aran: Val d&#8217;Aran, Alta Ribagor\u00e7a, Pallars Sobir\u00e0, Pallars Juss\u00e0, Alt Urgell y Cerdanya. Se trata de un proyecto subvencionado por el Servicio de Ocupaci\u00f3n de Catalu\u00f1a (SOC) y el Fondo Social Europeo (FSE) con el objetivo de apoyar iniciativas y empresas de la zona de sector como el turismo rural, el ecoturismo, el senderismo, los productos locales agroalimentarios y los productos artesanos.<\/p>\n<p>Dentro de \u00e9ste <a href=\"http:\/\/www.sompirineu.cat\/cursos-i-seminaris\/\">completo programa formativo<\/a>, particip\u00e9 conjuntamente con otros profesionales en el Bloque C, llamado \u201c<strong>Made in Pirineus: c\u00f3mo crear productos y servicios arraigados en el territorio<\/strong>\u201d donde se intent\u00f3 aportar a los participantes metodolog\u00edas de trabajo y conocimiento en torno a la creaci\u00f3n de productos tur\u00edsticos con el objetivo de facilitar que ellos mismos generen producto con los recursos del territorio.<\/p>\n<p>Adem\u00e1s, ya diferencia de otros programas formativos, \u00e9ste <strong>pon\u00eda a disposici\u00f3n de los participantes un conjunto de horas de asesoramiento personalizado con los profesionales<\/strong> del curso con el objetivo de que cada uno pudiera avanzar de forma individual en los diferentes estadios de evoluci\u00f3n de sus proyectos.<\/p>\n<p>El primer a\u00f1o de este programa ha sido un \u00e9xito tanto a nivel de participaci\u00f3n como de los resultados obtenidos, que se pueden ver con m\u00e1s detalle en el <a href=\"https:\/\/www.sompirineu.cat\/jornada_sompirineu_cronica\/\">siguiente enlace donde se realiza una cr\u00f3nica<\/a> con el testimonio de algunos de los participantes.<\/p>\n<p>A nivel personal, debo decir que estoy especialmente satisfecho de ver c\u00f3mo algunos de los productos que se trabajaron en las sesiones formativas y posteriormente en los <strong>asesoramientos personalizados se han ido haciendo realidad.<\/strong> Es el caso del \u201c<a href=\"http:\/\/www.casamassa.cat\/sabors-de-muntanya\/\">Sabors de Muntanya\u201d<\/a>, producto creado por la gente de Casa Massa (Estac) en colaboraci\u00f3n con diversas empresas de la zona; la gente de <a href=\"http:\/\/www.balmesblancs.com\/\">BalmesBlancs<\/a>, que configuraron nuevos productos m\u00e1s segmentados, o de Pepo de la <a href=\"https:\/\/www.laraftingcompany.com\/es\/\">Rafting Company<\/a>, que avanza en la creaci\u00f3n de nuevas propuestas de negocio\u2026<\/p>\n<\/div><\/div><\/div><\/div><\/div>\n","protected":false},"excerpt":{"rendered":"","protected":false},"author":1,"featured_media":3471,"comment_status":"closed","ping_status":"open","sticky":false,"template":"","format":"standard","meta":{"footnotes":""},"categories":[18],"tags":[],"class_list":["post-3555","post","type-post","status-publish","format-standard","has-post-thumbnail","hentry","category-sin-categorizar"],"yoast_head":"<!-- This site is optimized with the Yoast SEO plugin v23.0 - https:\/\/yoast.com\/wordpress\/plugins\/seo\/ -->\n<title>SOMPirineu, formaci\u00f3n en el Alt Pirineu y Aran - Casassayas Consultoria Tur\u00edstica<\/title>\n<meta name=\"robots\" content=\"index, follow, max-snippet:-1, max-image-preview:large, max-video-preview:-1\" \/>\n<link rel=\"canonical\" href=\"https:\/\/www.casassayas.com\/es\/sompirineu-formacion-en-el-alt-pirineu-y-aran\/\" \/>\n<meta property=\"og:locale\" content=\"es_ES\" \/>\n<meta property=\"og:type\" content=\"article\" \/>\n<meta property=\"og:title\" content=\"SOMPirineu, formaci\u00f3n en el Alt Pirineu y Aran - Casassayas Consultoria Tur\u00edstica\" \/>\n<meta property=\"og:url\" content=\"https:\/\/www.casassayas.com\/es\/sompirineu-formacion-en-el-alt-pirineu-y-aran\/\" \/>\n<meta property=\"og:site_name\" content=\"Casassayas Consultoria Tur\u00edstica\" \/>\n<meta property=\"article:published_time\" content=\"2020-02-17T12:06:41+00:00\" \/>\n<meta property=\"article:modified_time\" content=\"2022-11-04T10:25:56+00:00\" \/>\n<meta property=\"og:image\" content=\"https:\/\/www.casassayas.com\/wp-content\/uploads\/2022\/02\/Turistejant_SomPirineu-1024x215.png\" \/>\n\t<meta property=\"og:image:width\" content=\"1024\" \/>\n\t<meta property=\"og:image:height\" content=\"215\" \/>\n\t<meta property=\"og:image:type\" content=\"image\/png\" \/>\n<meta name=\"author\" content=\"admin\" \/>\n<meta name=\"twitter:card\" content=\"summary_large_image\" \/>\n<meta name=\"twitter:label1\" content=\"Escrito por\" \/>\n\t<meta name=\"twitter:data1\" content=\"admin\" \/>\n\t<meta name=\"twitter:label2\" content=\"Tiempo de lectura\" \/>\n\t<meta name=\"twitter:data2\" content=\"5 minutos\" \/>\n<script type=\"application\/ld+json\" class=\"yoast-schema-graph\">{\"@context\":\"https:\/\/schema.org\",\"@graph\":[{\"@type\":\"WebPage\",\"@id\":\"https:\/\/www.casassayas.com\/es\/sompirineu-formacion-en-el-alt-pirineu-y-aran\/\",\"url\":\"https:\/\/www.casassayas.com\/es\/sompirineu-formacion-en-el-alt-pirineu-y-aran\/\",\"name\":\"SOMPirineu, formaci\u00f3n en el Alt Pirineu y Aran - Casassayas Consultoria Tur\u00edstica\",\"isPartOf\":{\"@id\":\"https:\/\/www.casassayas.com\/es\/#website\"},\"primaryImageOfPage\":{\"@id\":\"https:\/\/www.casassayas.com\/es\/sompirineu-formacion-en-el-alt-pirineu-y-aran\/#primaryimage\"},\"image\":{\"@id\":\"https:\/\/www.casassayas.com\/es\/sompirineu-formacion-en-el-alt-pirineu-y-aran\/#primaryimage\"},\"thumbnailUrl\":\"https:\/\/www.casassayas.com\/wp-content\/uploads\/2022\/02\/Turistejant_SomPirineu.png\",\"datePublished\":\"2020-02-17T12:06:41+00:00\",\"dateModified\":\"2022-11-04T10:25:56+00:00\",\"author\":{\"@id\":\"https:\/\/www.casassayas.com\/es\/#\/schema\/person\/9524c893ec2867cd3499e6bd1b01183c\"},\"inLanguage\":\"es\",\"potentialAction\":[{\"@type\":\"ReadAction\",\"target\":[\"https:\/\/www.casassayas.com\/es\/sompirineu-formacion-en-el-alt-pirineu-y-aran\/\"]}]},{\"@type\":\"ImageObject\",\"inLanguage\":\"es\",\"@id\":\"https:\/\/www.casassayas.com\/es\/sompirineu-formacion-en-el-alt-pirineu-y-aran\/#primaryimage\",\"url\":\"https:\/\/www.casassayas.com\/wp-content\/uploads\/2022\/02\/Turistejant_SomPirineu.png\",\"contentUrl\":\"https:\/\/www.casassayas.com\/wp-content\/uploads\/2022\/02\/Turistejant_SomPirineu.png\",\"width\":2868,\"height\":602},{\"@type\":\"WebSite\",\"@id\":\"https:\/\/www.casassayas.com\/es\/#website\",\"url\":\"https:\/\/www.casassayas.com\/es\/\",\"name\":\"Casassayas Consultoria Tur\u00edstica\",\"description\":\"Consultoria tur\u00edstica especialitzada en la planificaci\u00f3 i gesti\u00f3 de destinacions tur\u00edstiques.\",\"potentialAction\":[{\"@type\":\"SearchAction\",\"target\":{\"@type\":\"EntryPoint\",\"urlTemplate\":\"https:\/\/www.casassayas.com\/es\/?s={search_term_string}\"},\"query-input\":\"required name=search_term_string\"}],\"inLanguage\":\"es\"},{\"@type\":\"Person\",\"@id\":\"https:\/\/www.casassayas.com\/es\/#\/schema\/person\/9524c893ec2867cd3499e6bd1b01183c\",\"name\":\"admin\",\"image\":{\"@type\":\"ImageObject\",\"inLanguage\":\"es\",\"@id\":\"https:\/\/www.casassayas.com\/es\/#\/schema\/person\/image\/\",\"url\":\"https:\/\/secure.gravatar.com\/avatar\/b4fdef0f539e6f0cefc97dad6952fbf3b515dfa0cf95f2790c90d5bbdf56c3d7?s=96&d=mm&r=g\",\"contentUrl\":\"https:\/\/secure.gravatar.com\/avatar\/b4fdef0f539e6f0cefc97dad6952fbf3b515dfa0cf95f2790c90d5bbdf56c3d7?s=96&d=mm&r=g\",\"caption\":\"admin\"},\"sameAs\":[\"https:\/\/www.casassayas.com\"],\"url\":\"https:\/\/www.casassayas.com\/es\/author\/info_w9qhseuw\/\"}]}<\/script>\n<!-- \/ Yoast SEO plugin. -->","yoast_head_json":{"title":"SOMPirineu, formaci\u00f3n en el Alt Pirineu y Aran - Casassayas Consultoria Tur\u00edstica","robots":{"index":"index","follow":"follow","max-snippet":"max-snippet:-1","max-image-preview":"max-image-preview:large","max-video-preview":"max-video-preview:-1"},"canonical":"https:\/\/www.casassayas.com\/es\/sompirineu-formacion-en-el-alt-pirineu-y-aran\/","og_locale":"es_ES","og_type":"article","og_title":"SOMPirineu, formaci\u00f3n en el Alt Pirineu y Aran - Casassayas Consultoria Tur\u00edstica","og_url":"https:\/\/www.casassayas.com\/es\/sompirineu-formacion-en-el-alt-pirineu-y-aran\/","og_site_name":"Casassayas Consultoria Tur\u00edstica","article_published_time":"2020-02-17T12:06:41+00:00","article_modified_time":"2022-11-04T10:25:56+00:00","og_image":[{"width":1024,"height":215,"url":"https:\/\/www.casassayas.com\/wp-content\/uploads\/2022\/02\/Turistejant_SomPirineu-1024x215.png","type":"image\/png"}],"author":"admin","twitter_card":"summary_large_image","twitter_misc":{"Escrito por":"admin","Tiempo de lectura":"5 minutos"},"schema":{"@context":"https:\/\/schema.org","@graph":[{"@type":"WebPage","@id":"https:\/\/www.casassayas.com\/es\/sompirineu-formacion-en-el-alt-pirineu-y-aran\/","url":"https:\/\/www.casassayas.com\/es\/sompirineu-formacion-en-el-alt-pirineu-y-aran\/","name":"SOMPirineu, formaci\u00f3n en el Alt Pirineu y Aran - Casassayas Consultoria Tur\u00edstica","isPartOf":{"@id":"https:\/\/www.casassayas.com\/es\/#website"},"primaryImageOfPage":{"@id":"https:\/\/www.casassayas.com\/es\/sompirineu-formacion-en-el-alt-pirineu-y-aran\/#primaryimage"},"image":{"@id":"https:\/\/www.casassayas.com\/es\/sompirineu-formacion-en-el-alt-pirineu-y-aran\/#primaryimage"},"thumbnailUrl":"https:\/\/www.casassayas.com\/wp-content\/uploads\/2022\/02\/Turistejant_SomPirineu.png","datePublished":"2020-02-17T12:06:41+00:00","dateModified":"2022-11-04T10:25:56+00:00","author":{"@id":"https:\/\/www.casassayas.com\/es\/#\/schema\/person\/9524c893ec2867cd3499e6bd1b01183c"},"inLanguage":"es","potentialAction":[{"@type":"ReadAction","target":["https:\/\/www.casassayas.com\/es\/sompirineu-formacion-en-el-alt-pirineu-y-aran\/"]}]},{"@type":"ImageObject","inLanguage":"es","@id":"https:\/\/www.casassayas.com\/es\/sompirineu-formacion-en-el-alt-pirineu-y-aran\/#primaryimage","url":"https:\/\/www.casassayas.com\/wp-content\/uploads\/2022\/02\/Turistejant_SomPirineu.png","contentUrl":"https:\/\/www.casassayas.com\/wp-content\/uploads\/2022\/02\/Turistejant_SomPirineu.png","width":2868,"height":602},{"@type":"WebSite","@id":"https:\/\/www.casassayas.com\/es\/#website","url":"https:\/\/www.casassayas.com\/es\/","name":"Casassayas Consultoria Tur\u00edstica","description":"Consultoria tur\u00edstica especialitzada en la planificaci\u00f3 i gesti\u00f3 de destinacions tur\u00edstiques.","potentialAction":[{"@type":"SearchAction","target":{"@type":"EntryPoint","urlTemplate":"https:\/\/www.casassayas.com\/es\/?s={search_term_string}"},"query-input":"required name=search_term_string"}],"inLanguage":"es"},{"@type":"Person","@id":"https:\/\/www.casassayas.com\/es\/#\/schema\/person\/9524c893ec2867cd3499e6bd1b01183c","name":"admin","image":{"@type":"ImageObject","inLanguage":"es","@id":"https:\/\/www.casassayas.com\/es\/#\/schema\/person\/image\/","url":"https:\/\/secure.gravatar.com\/avatar\/b4fdef0f539e6f0cefc97dad6952fbf3b515dfa0cf95f2790c90d5bbdf56c3d7?s=96&d=mm&r=g","contentUrl":"https:\/\/secure.gravatar.com\/avatar\/b4fdef0f539e6f0cefc97dad6952fbf3b515dfa0cf95f2790c90d5bbdf56c3d7?s=96&d=mm&r=g","caption":"admin"},"sameAs":["https:\/\/www.casassayas.com"],"url":"https:\/\/www.casassayas.com\/es\/author\/info_w9qhseuw\/"}]}},"_links":{"self":[{"href":"https:\/\/www.casassayas.com\/es\/wp-json\/wp\/v2\/posts\/3555","targetHints":{"allow":["GET"]}}],"collection":[{"href":"https:\/\/www.casassayas.com\/es\/wp-json\/wp\/v2\/posts"}],"about":[{"href":"https:\/\/www.casassayas.com\/es\/wp-json\/wp\/v2\/types\/post"}],"author":[{"embeddable":true,"href":"https:\/\/www.casassayas.com\/es\/wp-json\/wp\/v2\/users\/1"}],"replies":[{"embeddable":true,"href":"https:\/\/www.casassayas.com\/es\/wp-json\/wp\/v2\/comments?post=3555"}],"version-history":[{"count":1,"href":"https:\/\/www.casassayas.com\/es\/wp-json\/wp\/v2\/posts\/3555\/revisions"}],"predecessor-version":[{"id":3556,"href":"https:\/\/www.casassayas.com\/es\/wp-json\/wp\/v2\/posts\/3555\/revisions\/3556"}],"wp:featuredmedia":[{"embeddable":true,"href":"https:\/\/www.casassayas.com\/es\/wp-json\/wp\/v2\/media\/3471"}],"wp:attachment":[{"href":"https:\/\/www.casassayas.com\/es\/wp-json\/wp\/v2\/media?parent=3555"}],"wp:term":[{"taxonomy":"category","embeddable":true,"href":"https:\/\/www.casassayas.com\/es\/wp-json\/wp\/v2\/categories?post=3555"},{"taxonomy":"post_tag","embeddable":true,"href":"https:\/\/www.casassayas.com\/es\/wp-json\/wp\/v2\/tags?post=3555"}],"curies":[{"name":"wp","href":"https:\/\/api.w.org\/{rel}","templated":true}]}}